{"id":9408,"date":"2023-11-28T13:55:25","date_gmt":"2023-11-28T12:55:25","guid":{"rendered":"https:\/\/www.profondia.com\/?post_type=newsletter&#038;p=9408"},"modified":"2023-11-28T13:55:25","modified_gmt":"2023-11-28T12:55:25","slug":"quest-ce-qui-necessite-le-plus-denergie","status":"publish","type":"newsletter","link":"https:\/\/www.profondia.com\/fr\/newsletter\/quest-ce-qui-necessite-le-plus-denergie\/","title":{"rendered":"IT interne ou externe \u2013 qu\u2019est ce qui n\u00e9cessite le plus d\u2019\u00e9nergie ?"},"content":{"rendered":"<p>Dans le cadre de l&rsquo;\u00e9tude de l&rsquo;Association suisse des t\u00e9l\u00e9communications (asut), Profondia a interrog\u00e9 au total 103 entreprises sur leurs centres de calcul. Cette enqu\u00eate non repr\u00e9sentative \u00e9tait centr\u00e9e sur la r\u00e9partition des charges de travail actuelles et futures entre les centres de donn\u00e9es on-premis, en colocation et le cloud.<\/p>\n<p>Quelle est l&rsquo;\u00e9volution de la situation ? Quel est l&rsquo;impact sur la consommation d&rsquo;\u00e9nergie ? Alors que la part des centres de donn\u00e9es en colocation devrait rester relativement stable, les entreprises pr\u00e9voient de r\u00e9duire leurs centres de donn\u00e9es internes et de les transf\u00e9rer vers le cloud.<\/p>\n<p>Lisez le rapport, qui montre de mani\u00e8re impressionnante pourquoi on peut m\u00eame s&rsquo;attendre \u00e0 une r\u00e9duction de la consommation d&rsquo;\u00e9lectricit\u00e9 malgr\u00e9 des centres de calcul suppl\u00e9mentaires.<\/p>\n<p><a href=\"https:\/\/asut.ch\/asut\/media\/id\/2954\/type\/document\/20231106_Energetische_Auswirkungen_IT-Verlagerung_Rechenzentren.pdf\" target=\"_blank\" rel=\"noopener\">L&rsquo;\u00e9tude m&rsquo;int\u00e9resse<\/a><\/p>\n","protected":false},"featured_media":9412,"template":"","newslcat":[27,26],"acf":{"newsletter_date":"20231201","newsletter_short_detail":"La construction de nouveaux centres de calcul donne r\u00e9guli\u00e8rement lieu \u00e0 des articles de presse et \u00e0 des d\u00e9bats publics sur leur consommation d\u2019\u00e9lectricit\u00e9. L\u2019\u00e9tude de l\u2019asut \u00ab Cons\u00e9quences \u00e9nerg\u00e9tiques du transfert de l\u2019informatique de centres de calcul internes vers des data center externes \u00bb apporte pour la premi\u00e8re fois des \u00e9claircissements.","nws_article_direction":"default","newsltr_video_option":null},"_links":{"self":[{"href":"https:\/\/www.profondia.com\/fr\/wp-json\/wp\/v2\/newsletter\/9408"}],"collection":[{"href":"https:\/\/www.profondia.com\/fr\/wp-json\/wp\/v2\/newsletter"}],"about":[{"href":"https:\/\/www.profondia.com\/fr\/wp-json\/wp\/v2\/types\/newsletter"}],"version-history":[{"count":4,"href":"https:\/\/www.profondia.com\/fr\/wp-json\/wp\/v2\/newsletter\/9408\/revisions"}],"predecessor-version":[{"id":9433,"href":"https:\/\/www.profondia.com\/fr\/wp-json\/wp\/v2\/newsletter\/9408\/revisions\/9433"}],"wp:featuredmedia":[{"embeddable":true,"href":"https:\/\/www.profondia.com\/fr\/wp-json\/wp\/v2\/media\/9412"}],"wp:attachment":[{"href":"https:\/\/www.profondia.com\/fr\/wp-json\/wp\/v2\/media?parent=9408"}],"wp:term":[{"taxonomy":"newslcat","embeddable":true,"href":"https:\/\/www.profondia.com\/fr\/wp-json\/wp\/v2\/newslcat?post=9408"}],"curies":[{"name":"wp","href":"https:\/\/api.w.org\/{rel}","templated":true}]}}