{"id":8384,"date":"2022-04-29T07:05:42","date_gmt":"2022-04-29T06:05:42","guid":{"rendered":"https:\/\/www.profondia.com\/newsletter\/profondia-feiert-30-jaehriges-jubilaeum-im-europa-park\/"},"modified":"2022-12-14T09:15:51","modified_gmt":"2022-12-14T08:15:51","slug":"profondia-fete-ses-30","status":"publish","type":"newsletter","link":"https:\/\/www.profondia.com\/fr\/newsletter\/profondia-fete-ses-30\/","title":{"rendered":"Profondia f\u00eate ses 30 ans \u00e0 Europa-Park"},"content":{"rendered":"<p>Carpe diem \u2013 nous sommes donc partis t\u00f4t le matin en direction de Rust. Comme le veut la p\u00e9riode d\u2019Halloween, tout l\u2019Europa-Park \u00e9tait d\u00e9cor\u00e9 de citrouilles et de toiles d\u2019araign\u00e9es. Des esprits malins ont pr\u00e9tendu que nous avions amen\u00e9 nous-m\u00eames les sorci\u00e8res et les diables\u2026 Spectacles ou montagnes russes pour les adeptes du calme ou les accros \u00e0 l\u2019adr\u00e9naline, tout le monde y a trouv\u00e9 son compte.<\/p>\n<p>Quoi qu\u2019il en soit, ce fut une journ\u00e9e formidable \u2013 de nombreux collaborateurs ne s\u2019\u00e9tant pas vus personnellement depuis longtemps en raison de la pand\u00e9mie et du t\u00e9l\u00e9travail \u00e9taient donc particuli\u00e8rement heureux de se retrouver en cette splendide journ\u00e9e d\u2019automne.<\/p>\n<p><a href=\"https:\/\/www.profondia.com\/wp-content\/uploads\/2022\/04\/Profondia_Europa-Park.jpg\" data-lbwps-width=\"1920\" data-lbwps-height=\"1471\" data-lbwps-srcsmall=\"https:\/\/www.profondia.com\/wp-content\/uploads\/2022\/04\/Profondia_Europa-Park-300x230.jpg\" data-lbwps-caption=\"Profondia Europa-Park\"><img loading=\"lazy\" class=\"aligncenter wp-image-8336 size-medium\" title=\"Profondia Team\" src=\"https:\/\/www.profondia.com\/wp-content\/uploads\/2022\/04\/Profondia_Europa-Park-300x230.jpg\" alt=\"Profondia Team\" width=\"300\" height=\"230\" srcset=\"https:\/\/www.profondia.com\/wp-content\/uploads\/2022\/04\/Profondia_Europa-Park-300x230.jpg 300w, https:\/\/www.profondia.com\/wp-content\/uploads\/2022\/04\/Profondia_Europa-Park-1024x785.jpg 1024w, https:\/\/www.profondia.com\/wp-content\/uploads\/2022\/04\/Profondia_Europa-Park-768x588.jpg 768w, https:\/\/www.profondia.com\/wp-content\/uploads\/2022\/04\/Profondia_Europa-Park-1536x1177.jpg 1536w, https:\/\/www.profondia.com\/wp-content\/uploads\/2022\/04\/Profondia_Europa-Park-1200x919.jpg 1200w, https:\/\/www.profondia.com\/wp-content\/uploads\/2022\/04\/Profondia_Europa-Park.jpg 1920w\" sizes=\"(max-width: 300px) 85vw, 300px\" \/><\/a><\/p>\n<p><a href=\"https:\/\/www.profondia.com\/wp-content\/uploads\/2022\/04\/Screen-8_FR.pdf\" target=\"_blank\" rel=\"noopener\">Screen 08\/2022 \u2013 Avril<\/a><\/p>\n","protected":false},"featured_media":8341,"template":"","newslcat":[26],"acf":{"newsletter_date":"20220427","newsletter_short_detail":"Comment f\u00eater les 30 ans d\u2019une entreprise en temps de Covid-19 ? Les nombreuses incertitudes li\u00e9es \u00e0 la pand\u00e9mie n\u2019ont pas permis de planifier raisonnablement une grande f\u00eate d\u2019anniversaire. Fin octobre, l\u2019\u00e9quipe de direction a donc profit\u00e9 du creux entre deux vagues de Covid-19 pour inviter toute l\u2019\u00e9quipe \u00e0 passer deux jours \u00e0 Europa-Park. Ce fut l\u2019occasion pour nous de remercier comme il se doit tous nos collaborateurs pour leur engagement et leur fid\u00e9lit\u00e9.","nws_article_direction":"default","newsltr_video_option":null},"_links":{"self":[{"href":"https:\/\/www.profondia.com\/fr\/wp-json\/wp\/v2\/newsletter\/8384"}],"collection":[{"href":"https:\/\/www.profondia.com\/fr\/wp-json\/wp\/v2\/newsletter"}],"about":[{"href":"https:\/\/www.profondia.com\/fr\/wp-json\/wp\/v2\/types\/newsletter"}],"version-history":[{"count":1,"href":"https:\/\/www.profondia.com\/fr\/wp-json\/wp\/v2\/newsletter\/8384\/revisions"}],"predecessor-version":[{"id":8859,"href":"https:\/\/www.profondia.com\/fr\/wp-json\/wp\/v2\/newsletter\/8384\/revisions\/8859"}],"wp:featuredmedia":[{"embeddable":true,"href":"https:\/\/www.profondia.com\/fr\/wp-json\/wp\/v2\/media\/8341"}],"wp:attachment":[{"href":"https:\/\/www.profondia.com\/fr\/wp-json\/wp\/v2\/media?parent=8384"}],"wp:term":[{"taxonomy":"newslcat","embeddable":true,"href":"https:\/\/www.profondia.com\/fr\/wp-json\/wp\/v2\/newslcat?post=8384"}],"curies":[{"name":"wp","href":"https:\/\/api.w.org\/{rel}","templated":true}]}}