{"id":1723,"date":"2022-01-20T12:29:52","date_gmt":"2022-01-20T12:29:52","guid":{"rendered":"https:\/\/profondia.ch\/newsletter\/profondia-labdoo\/"},"modified":"2022-12-14T09:17:43","modified_gmt":"2022-12-14T08:17:43","slug":"profondia-labdoo","status":"publish","type":"newsletter","link":"https:\/\/www.profondia.com\/fr\/newsletter\/profondia-labdoo\/","title":{"rendered":"Profondia @Labdoo"},"content":{"rendered":"<p>Puis, nous nous sommes mis \u00e0 la t\u00e2che. Nous avons \u00e9t\u00e9 divis\u00e9s en quatre \u00e9quipes ou stations diff\u00e9rentes : nettoyage des ordinateurs portables, configuration, logistique et atelier. La premi\u00e8re station \u00e9tait consacr\u00e9e au nettoyage et \u00e0 la d\u00e9sinfection des appareils; \u00e0 la deuxi\u00e8me station, il s\u2019agissait d\u2019installer le syst\u00e8me d\u2019exploitation sp\u00e9cifique de Labdoo sur les ordinateurs portables, pour ensuite les emballer dans des bo\u00eetes. Les appareils pr\u00e9sentant une d\u00e9faillance quelconque \u00e9taient quant \u00e0 eux apport\u00e9s \u00e0 l\u2019atelier, o\u00f9, sous la supervision de Roland Fleckenstein, ils \u00e9taient soumis \u00e0 divers tests et remis en \u00e9tat de fonctionnement. Si un ordinateur portable ne pouvait pas \u00eatre r\u00e9par\u00e9, il \u00e9tait alors \u00ab \u00e9visc\u00e9r\u00e9 \u00bb et les composants encore utils, comme la carte SSD ou la RAM, \u00e9taient r\u00e9cup\u00e9r\u00e9s. Les pi\u00e8ces restantes \u00e9taient correctement \u00e9limin\u00e9es dans la poubelle Swico.<\/p>\n<p>En fin d\u2019apr\u00e8s-midi, Frank Geisler nous a pr\u00e9sent\u00e9 les chiffres impressionnants : au total, 128 appareils ont \u00e9t\u00e9 remis en service ce jour-l\u00e0 ! Ils seront distribu\u00e9s \u00e0 des projets \u00e9ducatifs Labdoo dans le monde entier.<\/p>\n<p>Si vous aussi avez un ancien ordinateur portable qui tra\u00eene chez vous et dont vous n\u2019avez plus l\u2019utilit\u00e9, vous pouvez trouver le point de collecte le plus proche sur www.labdoo.ch.<\/p>\n<p>Nous avons pass\u00e9 une journ\u00e9e instructive et passionnante \u00e0 Labdoo et tenons \u00e0 remercier \u00e0 nouveau Frank et son \u00e9quipe ! Nous souhaitons tous \u00e0 Labdoo de poursuivre avec succ\u00e8s son objectif de permettre au plus grand nombre d\u2019acc\u00e9der au monde num\u00e9rique.<\/p>\n<p>\u00ab2 100 projets \u00e9ducatifs \u00e0 travers le monde ne peuvent se faire que gr\u00e2ce au grand coeur et \u00e0 la g\u00e9n\u00e9rosit\u00e9 de l\u2019association Labdoo. Pour notre part c\u2019\u00e9tait une bonne chose d\u2019avoir pu contribuer \u00e0 la remise en \u00e9tat de 128 appareils.\u00bb<br \/>\n\u2014 Martin Maurer, directeur g\u00e9n\u00e9ral de Profondia AG<\/p>\n<p><a href=\"https:\/\/www.profondia.com\/wp-content\/uploads\/2022\/01\/Screen-7_FR_es.pdf\" target=\"_blank\" rel=\"noopener\">Screen 07\/2021\u00a0&#8211;\u00a0Novembre<\/a><\/p>\n<p>&nbsp;<\/p>\n<p><a href=\"https:\/\/labdoo.ch\/\" target=\"_blank\" rel=\"noopener\"><img loading=\"lazy\" class=\"alignnone\" src=\"https:\/\/www.profondia.com\/wp-content\/uploads\/2022\/01\/logo2.png\" alt=\"Labdoo.org\" width=\"1200\" height=\"332\" \/><\/a><\/p>\n<p>Labdoo Suisse est une association bas\u00e9e \u00e0 Oberwil-Lieli dans le canton d\u2019Argovie.<\/p>\n<p>L\u2019association est un projet d\u2019aide d\u2019utilit\u00e9 publique qui permet aux jardins d\u2019enfants, \u00e9coles, orphelinats et foyers de r\u00e9fugi\u00e9s en Suisse et \u00e0 l\u2019\u00e9tranger d\u2019acc\u00e9der \u00e0 l\u2019informatique et \u00e0 l\u2019\u00e9ducation gr\u00e2ce \u00e0 des ordinateurs portables usag\u00e9s et remis \u00e0 neuf, le cas \u00e9ch\u00e9ant.<\/p>\n<p>Avec Labdoo, vous \u00eates en bonne compagnie : ils ont \u00e0 ce jour remis \u00e0 neuf plus de 32 000 ordinateurs portables dans le monde, soutenu plus de 2100 projets \u00e9ducatifs et ainsi donn\u00e9 \u00e0 quelque 670 000 enfants, jeunes, orphelins et r\u00e9fugi\u00e9s la possibilit\u00e9 d\u2019apprendre et des perspectives d\u2019avenir. Parall\u00e8lement, quelque 500 tonnes d\u2019\u00e9missions de CO2 ont \u00e9t\u00e9 \u00e9conomis\u00e9es. Vous aussi, vous pouvez soutenir Labdoo par un don, une collaboration ou un projet. Contribuez \u00e0 am\u00e9liorer notre monde de mani\u00e8re durable.<\/p>\n<p>Pour en savoir plus sur Labdoo, <a href=\"https:\/\/labdoo.ch\/\" target=\"_blank\" rel=\"noopener\">cliquez ici<\/a>.<\/p>\n","protected":false},"featured_media":1684,"template":"","newslcat":[26],"acf":{"newsletter_date":"20211108","newsletter_short_detail":"Apr\u00e8s une longue \u00ab pause Covid \u00bb, toute l\u2019\u00e9quipe de Profondia s\u2019est enfin retrouv\u00e9e le vendredi 27 ao\u00fbt 2021. D\u00e9sireux \u00e0 la fois d\u2019apprendre et d\u2019apporter une contribution positive, nous nous sommes rendus le matin \u00e0 Oberwil-Lieli chez Labdoo Suisse pour une journ\u00e9e de travail b\u00e9n\u00e9vole. En pr\u00e9ambule, Frank Geisler, pr\u00e9sident de Labdoo Suisse, a pr\u00e9sent\u00e9 l\u2019association Labdoo et les membres de son \u00e9quipe, Roland Fleckenstein et Gregor Fr\u00f6hlich.","nws_article_direction":"default","newsltr_video_option":null},"_links":{"self":[{"href":"https:\/\/www.profondia.com\/fr\/wp-json\/wp\/v2\/newsletter\/1723"}],"collection":[{"href":"https:\/\/www.profondia.com\/fr\/wp-json\/wp\/v2\/newsletter"}],"about":[{"href":"https:\/\/www.profondia.com\/fr\/wp-json\/wp\/v2\/types\/newsletter"}],"version-history":[{"count":2,"href":"https:\/\/www.profondia.com\/fr\/wp-json\/wp\/v2\/newsletter\/1723\/revisions"}],"predecessor-version":[{"id":8451,"href":"https:\/\/www.profondia.com\/fr\/wp-json\/wp\/v2\/newsletter\/1723\/revisions\/8451"}],"wp:featuredmedia":[{"embeddable":true,"href":"https:\/\/www.profondia.com\/fr\/wp-json\/wp\/v2\/media\/1684"}],"wp:attachment":[{"href":"https:\/\/www.profondia.com\/fr\/wp-json\/wp\/v2\/media?parent=1723"}],"wp:term":[{"taxonomy":"newslcat","embeddable":true,"href":"https:\/\/www.profondia.com\/fr\/wp-json\/wp\/v2\/newslcat?post=1723"}],"curies":[{"name":"wp","href":"https:\/\/api.w.org\/{rel}","templated":true}]}}