{"id":1722,"date":"2022-01-20T12:27:05","date_gmt":"2022-01-20T12:27:05","guid":{"rendered":"https:\/\/profondia.ch\/newsletter\/profondia-stellt-sich-vor-robert-vego\/"},"modified":"2022-12-14T09:17:56","modified_gmt":"2022-12-14T08:17:56","slug":"profondia-se-presente-robert-vego","status":"publish","type":"newsletter","link":"https:\/\/www.profondia.com\/fr\/newsletter\/profondia-se-presente-robert-vego\/","title":{"rendered":"Profondia se pr\u00e9sente : Robert Vego"},"content":{"rendered":"<p><strong>Comment commencez-vous habituellement votre journ\u00e9e ?<\/strong><br \/>\nAvec un bon caf\u00e9 et les nouvelles du jour.<\/p>\n<p><strong>\u00cates-vous plut\u00f4t le type en interne ou hors site ?<\/strong><br \/>\nPlut\u00f4t hors site. Je pense en effet que les bonnes relations clients ne se cultivent pas seulement au t\u00e9l\u00e9phone ou par courriel, mais d\u2019abord et avant tout directement sur place chez nos clients.<\/p>\n<p><strong>Sans quoi ne pouvez-vous pas travailler ?\u00a0<\/strong><br \/>\nSans mon \u00e9quipe, c\u2019est-\u00e0-dire mes coll\u00e8gues. Travailler au sein d\u2019une \u00e9quipe o\u00f9 chaque membre apporte une contribution d\u00e9cisive \u00e0 la r\u00e9ussite commune est pour moi d\u2019une importance capitale. Je ne voudrais pas travailler sans cette constellation.<\/p>\n<p><strong>\u00cates-vous plut\u00f4t cin\u00e9ma ou streaming ?<\/strong><br \/>\nD\u00e9finitivement cin\u00e9ma. Un grand \u00e9cran, un bon son, du pop-corn et \u00eatre entour\u00e9 de spectateurs sont toujours un pur plaisir.<\/p>\n<p><strong>Quel est le point fort de votre travail ?<\/strong><br \/>\nSans aucun doute, les nombreuses exp\u00e9riences positives et constructives avec les clients de Profondia.<\/p>\n<p><strong>Votre plus grand succ\u00e8s ?<\/strong><br \/>\nUn succ\u00e8s en deux temps : le mariage avec ma compagne et la naissance de mes trois enfants.<\/p>\n<p><a href=\"https:\/\/www.profondia.com\/wp-content\/uploads\/2022\/01\/Screen-7_FR_es.pdf\" target=\"_blank\" rel=\"noopener\">Screen 07\/2021\u00a0&#8211;\u00a0Novembre<\/a><\/p>\n","protected":false},"featured_media":1690,"template":"","newslcat":[26],"acf":{"newsletter_date":"20211108","newsletter_short_detail":"Robert Vego est responsable des ventes et du marketing op\u00e9rationnel chez Profondia AG depuis plus de trois ans. Nous lui avons pos\u00e9 six br\u00e8ves questions :","nws_article_direction":"default","newsltr_video_option":null},"_links":{"self":[{"href":"https:\/\/www.profondia.com\/fr\/wp-json\/wp\/v2\/newsletter\/1722"}],"collection":[{"href":"https:\/\/www.profondia.com\/fr\/wp-json\/wp\/v2\/newsletter"}],"about":[{"href":"https:\/\/www.profondia.com\/fr\/wp-json\/wp\/v2\/types\/newsletter"}],"version-history":[{"count":1,"href":"https:\/\/www.profondia.com\/fr\/wp-json\/wp\/v2\/newsletter\/1722\/revisions"}],"predecessor-version":[{"id":8866,"href":"https:\/\/www.profondia.com\/fr\/wp-json\/wp\/v2\/newsletter\/1722\/revisions\/8866"}],"wp:featuredmedia":[{"embeddable":true,"href":"https:\/\/www.profondia.com\/fr\/wp-json\/wp\/v2\/media\/1690"}],"wp:attachment":[{"href":"https:\/\/www.profondia.com\/fr\/wp-json\/wp\/v2\/media?parent=1722"}],"wp:term":[{"taxonomy":"newslcat","embeddable":true,"href":"https:\/\/www.profondia.com\/fr\/wp-json\/wp\/v2\/newslcat?post=1722"}],"curies":[{"name":"wp","href":"https:\/\/api.w.org\/{rel}","templated":true}]}}