{"id":1288,"date":"2021-12-24T13:05:24","date_gmt":"2021-12-24T13:05:24","guid":{"rendered":"http:\/\/profondia.ch\/newsletter\/neues-arbeitsplatzdesign-im-research-center\/"},"modified":"2022-12-14T09:18:40","modified_gmt":"2022-12-14T08:18:40","slug":"nouvelle-conception-du-lieu-de-travail-dans-notre-research-center","status":"publish","type":"newsletter","link":"https:\/\/www.profondia.com\/fr\/newsletter\/nouvelle-conception-du-lieu-de-travail-dans-notre-research-center\/","title":{"rendered":"Nouvelle conception du lieu de travail dans notre Research Center"},"content":{"rendered":"<p>La premi\u00e8re ann\u00e9e de coronavirus a \u00e9galement \u00e9t\u00e9 riche en d\u00e9fis, que nous avons pu relever avec succ\u00e8s, notamment gr\u00e2ce aux normes de qualit\u00e9 \u00e9lev\u00e9es de notre Research Team. La confiance accrue des clients qui en a r\u00e9sult\u00e9 et la bonne situation des commandes nous ont permis d\u2019investir dans un concept de lieu de travail flexible et ergonomique.<\/p>\n<p>Le passage au t\u00e9l\u00e9travail a eu des effets variables sur l\u2019esprit d\u2019\u00e9quipe et les performances, certains membres de notre \u00e9quipe travaillant au moins tout aussi efficacement \u00e0 la maison qu\u2019au bureau. Aussi, nous voulons encourager la poursuite du t\u00e9l\u00e9travail \u00e0 temps partiel \u00e0 l\u2019avenir.<\/p>\n<p>Afin de mieux utiliser l\u2019espace de travail existant dans nos locaux, chaque membre de l\u2019\u00e9quipe dispose d\u00e9sormais d\u2019une armoire Moby personnelle, qui lui permet de travailler confortablement dans diff\u00e9rents bureaux, en fonction de l\u2019occupation des postes de travail. L\u2019insonorisation est n\u00e9anmoins essentielle, surtout lorsque l\u2019on travaille au t\u00e9l\u00e9phone. Voil\u00e0 pourquoi les cloisons de s\u00e9paration de nos nouveaux postes de travail r\u00e9glables en hauteur se d\u00e9placent avec le plan de travail, et nous avons \u00e9galement \u00e9quip\u00e9 les plafonds de tous les bureaux de panneaux insonorisant.<\/p>\n<p>Le nouveau concept semble \u00eatre bien accueilli, m\u00eame s\u2019il se murmure qu\u2019il y a des discussions pour savoir qui peut venir travailler au bureau et qui doit rester en t\u00e9l\u00e9travail\u2026<\/p>\n<p><a href=\"https:\/\/www.profondia.com\/wp-content\/uploads\/2021\/12\/Profondia-AG_Screen-6_FR.pdf\" target=\"_blank\" rel=\"noopener\">Screen 06\/2021\u00a0&#8211; Avril<\/a><\/p>\n","protected":false},"featured_media":1289,"template":"","newslcat":[26],"acf":{"newsletter_date":"20210428","newsletter_short_detail":"Notre Corporate Identity doit \u00e9galement inclure un concept de lieu de travail ergonomique et uniforme. Notre objectif \u00e0 moyen terme \u00e9tait donc d\u2019adapter le mobilier de notre Research Center de B\u00e2le \u00e0 celui du site de Schlieren.","nws_article_direction":"default","newsltr_video_option":null},"_links":{"self":[{"href":"https:\/\/www.profondia.com\/fr\/wp-json\/wp\/v2\/newsletter\/1288"}],"collection":[{"href":"https:\/\/www.profondia.com\/fr\/wp-json\/wp\/v2\/newsletter"}],"about":[{"href":"https:\/\/www.profondia.com\/fr\/wp-json\/wp\/v2\/types\/newsletter"}],"version-history":[{"count":1,"href":"https:\/\/www.profondia.com\/fr\/wp-json\/wp\/v2\/newsletter\/1288\/revisions"}],"predecessor-version":[{"id":8868,"href":"https:\/\/www.profondia.com\/fr\/wp-json\/wp\/v2\/newsletter\/1288\/revisions\/8868"}],"wp:featuredmedia":[{"embeddable":true,"href":"https:\/\/www.profondia.com\/fr\/wp-json\/wp\/v2\/media\/1289"}],"wp:attachment":[{"href":"https:\/\/www.profondia.com\/fr\/wp-json\/wp\/v2\/media?parent=1288"}],"wp:term":[{"taxonomy":"newslcat","embeddable":true,"href":"https:\/\/www.profondia.com\/fr\/wp-json\/wp\/v2\/newslcat?post=1288"}],"curies":[{"name":"wp","href":"https:\/\/api.w.org\/{rel}","templated":true}]}}