{"id":1064,"date":"2021-12-24T11:31:27","date_gmt":"2021-12-24T11:31:27","guid":{"rendered":"http:\/\/profondia.ch\/newsletter\/jubilaumsparty-25-jahre-profondia\/"},"modified":"2022-12-14T09:34:30","modified_gmt":"2022-12-14T08:34:30","slug":"evenement-d-anniversaire-les-25-ans-de-profondia","status":"publish","type":"newsletter","link":"https:\/\/www.profondia.com\/fr\/newsletter\/evenement-d-anniversaire-les-25-ans-de-profondia\/","title":{"rendered":"\u00c9v\u00e9nement d&#8217;anniversaire \u2013 Les 25 ans de Profondia"},"content":{"rendered":"<p>Un quart de si\u00e8cle, c\u2019est d\u00e9j\u00e0 presque la moiti\u00e9 d\u2019une \u00e9ternit\u00e9, dans le monde \u00e9ph\u00e9m\u00e8re de l\u2019informatique, et surtout dans la branche suisse aux dimensions restreintes. Le monde est tr\u00e8s petit dans cet environnement o\u00f9 un prestataire de niche comme Profondia ne peut exister que s\u2019il r\u00e9pond sur le long terme aux exigences qualitatives \u00e9lev\u00e9es du march\u00e9.<\/p>\n<p>Nous avons \u00e9t\u00e9 particuli\u00e8rement touch\u00e9s par la pr\u00e9sence de nombreux clients, dont certains de tr\u00e8s longue date. Cela repr\u00e9sente beaucoup pour nous et nous rend fiers des ann\u00e9es \u00e9coul\u00e9es \u00e0 vos c\u00f4t\u00e9s.<\/p>\n<p>Mais nous tenons \u00e9galement \u00e0 remercier tout particuli\u00e8rement l\u2019\u00e9quipe infatigable de Profondia, sans l\u2019implication de laquelle cette soir\u00e9e n\u2019aurait pas \u00e9t\u00e9 possible. Nous gardons un beau souvenir de l\u2019accompagnement musical tout en finesse du groupe a capella A-Live, du doux parfum de la paella et des grillades, des salades croquantes et des frites maison sorties de l\u2019automate d\u2019Ulrich Maurer. Les convives, l\u2019ambiance, l\u2019animation et les victuailles ont fait de cette f\u00eate un moment merveilleux!<\/p>\n<p>En ce dernier soir d\u2019\u00e9t\u00e9, il \u00e9tait tr\u00e8s tard quand les derniers f\u00eatards sont repartis, accompagn\u00e9s du chant des grillons.<\/p>\n<p>Alors encore un grand merci \u00e0 tous nos fid\u00e8les clients et clientes, fournisseurs, collaborateurs et ami(e)s!<\/p>\n","protected":false},"featured_media":1065,"template":"","newslcat":[26],"acf":{"newsletter_date":"20161213","newsletter_short_detail":"1er septembre 2016: un toit-terrasse idyllique, sous un soleil radieux et des temp\u00e9ratures estivales, avec une brise agr\u00e9able... Que demander plus pour f\u00eater un anniversaire! C\u2019\u00e9tait le cadre id\u00e9al pour c\u00e9l\u00e9brer les 25 ans de Profondia, sur le toit du Noerd, le b\u00e2timent des cr\u00e9ateurs, \u00e0 Zurich Oerlikon, avec pr\u00e8s de 200 clients, partenaires et fournisseurs, sans oublier tous nos collaborateurs.","nws_article_direction":"default","newsltr_video_option":null},"_links":{"self":[{"href":"https:\/\/www.profondia.com\/fr\/wp-json\/wp\/v2\/newsletter\/1064"}],"collection":[{"href":"https:\/\/www.profondia.com\/fr\/wp-json\/wp\/v2\/newsletter"}],"about":[{"href":"https:\/\/www.profondia.com\/fr\/wp-json\/wp\/v2\/types\/newsletter"}],"version-history":[{"count":2,"href":"https:\/\/www.profondia.com\/fr\/wp-json\/wp\/v2\/newsletter\/1064\/revisions"}],"predecessor-version":[{"id":8911,"href":"https:\/\/www.profondia.com\/fr\/wp-json\/wp\/v2\/newsletter\/1064\/revisions\/8911"}],"wp:featuredmedia":[{"embeddable":true,"href":"https:\/\/www.profondia.com\/fr\/wp-json\/wp\/v2\/media\/1065"}],"wp:attachment":[{"href":"https:\/\/www.profondia.com\/fr\/wp-json\/wp\/v2\/media?parent=1064"}],"wp:term":[{"taxonomy":"newslcat","embeddable":true,"href":"https:\/\/www.profondia.com\/fr\/wp-json\/wp\/v2\/newslcat?post=1064"}],"curies":[{"name":"wp","href":"https:\/\/api.w.org\/{rel}","templated":true}]}}